{"id":1798,"date":"2020-05-19T12:39:53","date_gmt":"2020-05-19T15:39:53","guid":{"rendered":"http:\/\/www.terenos.ms.gov.br\/?p=1798"},"modified":"2020-05-19T12:39:53","modified_gmt":"2020-05-19T15:39:53","slug":"campanha-de-vacinac%cc%a7a%cc%83o-contra-a-gripe","status":"publish","type":"post","link":"https:\/\/www.terenos.ms.gov.br\/?p=1798","title":{"rendered":"Campanha de Vacinac\u0327a\u0303o Contra a Gripe"},"content":{"rendered":"<p>COMUNICADO:<\/p>\n<p>A Prefeitura de Terenos, por meio do Departamento de Sau\u0301de e Coordenac\u0327a\u0303o de Imunizac\u0327a\u0303o, informa que a Campanha de Vacinac\u0327a\u0303o Contra a Gripe continuar\u00e1 at\u00e9 o dia 05 de junho de 2020.<\/p>\n<p>A vacina ser\u00e1 destinada aos seguintes pu\u0301blicos priorit\u00e1rios:<\/p>\n<div class=\"text_exposed_show\">\n<p>&#8211; Pessoas idosas (60 anos ou mais)<br \/>\n&#8211; Trabalhadores de sa\u00fade<br \/>\n&#8211; Profissionais das for\u00e7as de seguran\u00e7a e salvamento<br \/>\n&#8211; Pessoas com doen\u00e7as cr\u00f4nicas ou condi\u00e7\u00f5es cl\u00ednicas especiais<br \/>\n&#8211; Caminhoneiros, profissionais de transporte coletivo (motoristas e cobradores) e portu\u00e1rios<br \/>\n&#8211; Povos ind\u00edgenas<br \/>\n&#8211; Funcion\u00e1rios do sistema prisional<br \/>\n&#8211; Pessoas com defici\u00eancia<br \/>\n&#8211; Crian\u00e7as de 6 meses e menores de 6 anos (at\u00e9 5 anos, 11 meses e 29 dias)<br \/>\n-Gestantes<br \/>\n&#8211; Mulheres no p\u00f3s-parto (at\u00e9 45 dias)<br \/>\n&#8211; Professores<\/p>\n<p>A Campanha de Vacina\u00e7\u00e3o Contra o Sarampo vai at\u00e9 o dia 30 de junho 2020, e as doses s\u00e3o destinadas para pessoas de 20 anos at\u00e9 49 anos.<\/p>\n<p>As vacinas de ambas as campanhas estara\u0303o disponi\u0301veis nos seguintes locais e hor\u00e1rios:<\/p>\n<p>&#8211; ESF Vila Ferreira: 8h \u00e0s 10 \/ 14h \u00e0s 16h;<br \/>\n&#8211; UBS Central: 7h \u00e0s 15h<br \/>\n&#8211; Postos Rurais: 8h \u00e0s 11h<\/p>\n<p>Assessoria de Imprensa<br \/>\nTexto\/Foto: Divulgac\u0327a\u0303o<\/p>\n<\/div>\n","protected":false},"excerpt":{"rendered":"<p>COMUNICADO: A Prefeitura de Terenos, por meio do Departamento de Sau\u0301de e Coordenac\u0327a\u0303o de Imunizac\u0327a\u0303o, informa que a Campanha de Vacinac\u0327a\u0303o Contra a Gripe continuar\u00e1 at\u00e9 o dia 05 de junho de 2020. A vacina ser\u00e1 destinada aos seguintes pu\u0301blicos priorit\u00e1rios: &#8211; Pessoas idosas (60 anos ou mais) &#8211; Trabalhadores de sa\u00fade &#8211; Profissionais das [&hellip;]<\/p>\n","protected":false},"author":2,"featured_media":1799,"comment_status":"closed","ping_status":"closed","sticky":false,"template":"","format":"standard","meta":{"_et_pb_use_builder":"","_et_pb_old_content":"","_et_gb_content_width":"","footnotes":""},"categories":[1],"tags":[],"class_list":["post-1798","post","type-post","status-publish","format-standard","has-post-thumbnail","hentry","category-sem-categoria"],"_links":{"self":[{"href":"https:\/\/www.terenos.ms.gov.br\/index.php?rest_route=\/wp\/v2\/posts\/1798","targetHints":{"allow":["GET"]}}],"collection":[{"href":"https:\/\/www.terenos.ms.gov.br\/index.php?rest_route=\/wp\/v2\/posts"}],"about":[{"href":"https:\/\/www.terenos.ms.gov.br\/index.php?rest_route=\/wp\/v2\/types\/post"}],"author":[{"embeddable":true,"href":"https:\/\/www.terenos.ms.gov.br\/index.php?rest_route=\/wp\/v2\/users\/2"}],"replies":[{"embeddable":true,"href":"https:\/\/www.terenos.ms.gov.br\/index.php?rest_route=%2Fwp%2Fv2%2Fcomments&post=1798"}],"version-history":[{"count":1,"href":"https:\/\/www.terenos.ms.gov.br\/index.php?rest_route=\/wp\/v2\/posts\/1798\/revisions"}],"predecessor-version":[{"id":1800,"href":"https:\/\/www.terenos.ms.gov.br\/index.php?rest_route=\/wp\/v2\/posts\/1798\/revisions\/1800"}],"wp:featuredmedia":[{"embeddable":true,"href":"https:\/\/www.terenos.ms.gov.br\/index.php?rest_route=\/wp\/v2\/media\/1799"}],"wp:attachment":[{"href":"https:\/\/www.terenos.ms.gov.br\/index.php?rest_route=%2Fwp%2Fv2%2Fmedia&parent=1798"}],"wp:term":[{"taxonomy":"category","embeddable":true,"href":"https:\/\/www.terenos.ms.gov.br\/index.php?rest_route=%2Fwp%2Fv2%2Fcategories&post=1798"},{"taxonomy":"post_tag","embeddable":true,"href":"https:\/\/www.terenos.ms.gov.br\/index.php?rest_route=%2Fwp%2Fv2%2Ftags&post=1798"}],"curies":[{"name":"wp","href":"https:\/\/api.w.org\/{rel}","templated":true}]}}