{"id":1628,"date":"2020-03-19T11:47:11","date_gmt":"2020-03-19T14:47:11","guid":{"rendered":"http:\/\/www.terenos.ms.gov.br\/?p=1628"},"modified":"2020-03-19T11:47:11","modified_gmt":"2020-03-19T14:47:11","slug":"comunicado-decreto-531020-covid-19","status":"publish","type":"post","link":"https:\/\/www.terenos.ms.gov.br\/?p=1628","title":{"rendered":"Comunicado &#8211; Decreto 5310\/20 (COVID-19)"},"content":{"rendered":"<p>COMUNICADO:<\/p>\n<p>A Prefeitura de Terenos, considerando as exig\u00eancias do Minist\u00e9rio da Sa\u00fade em rela\u00e7\u00e3o ao novo Coronav\u00edrus (COVID-19), torna p\u00fablico o Decreto N\u00ba 5310\/2020, de 18 de mar\u00e7o de 2020, que apresenta as medidas para enfrentamento da pandemia.<\/p>\n<p>Em rela\u00e7\u00e3o aos artigos do referido documento, destacam-se:<\/p>\n<div class=\"text_exposed_show\">\n<p>Artigo 2\u00ba &#8211; Ficam suspensas as aulas presenciais nas unidades escolares da Rede Municipal de Ensino de Terenos, no per\u00edodo de 23 de mar\u00e7o a 6 de abril de 2020, sendo que o per\u00eddo de 18 a 20 de mar\u00e7o de mar\u00e7o de 2020 ser\u00e1 de adapta\u00e7\u00e3o para a comunidade escolar.<\/p>\n<p>Artigo 8\u00ba &#8211; Esta suspenso o atendimento ao p\u00fablico nas reparti\u00e7\u00f5es p\u00fablicas municipais por tempo indeterminado, sendo o expediente apenas em car\u00e1ter interno e\/ou pelos meios de comunica\u00e7\u00e3o (telefone e-mail).<\/p>\n<p>Artigo 9\u00ba &#8211; Os atendimentos em sa\u00fade permanecem normais, no entanto, o Minist\u00e9rio da Sa\u00fade receomenda que pessoas com mais de 60 (anos) que apresentem sintomas de gripe (febre, falta de ar, tosse intensa) n\u00e3o saim de casa, e caso necess\u00e1rio procurem o atendimento em primeiro momento por telefone, sendo eles:<\/p>\n<p>I. UBS &#8211; (67) 3246-7929<br \/>\nII. ESF Vila Ferreira &#8211; (67) 3246-0026<br \/>\nIII. ESF Vila Jamil &#8211; (67) 3246-7004<br \/>\nIV. Departamento de Sa\u00fade &#8211; (67) 3246-0999<br \/>\nV. As ESF&#8217;S da zona rural somente em loco.<\/p>\n<p>Mais informa\u00e7\u00f5es podem ser obtidas pelo telefone (67) 3246-8200, das 7h \u00e0s 13h.<\/p>\n<p>O decreto pode ser baixado por meio dos seguintes links:<\/p>\n<p>https:\/\/www.4shared.com\/rar\/Zb-0G59jiq\/DECRETO_5310_-_PMT_ASSOMASUL.html<\/p>\n<p>https:\/\/www.mediafire.com\/file\/5lwk6byamfiv7hf\/DECRETO_5310_-_PMT_ASSOMASUL.rar\/file<\/p>\n<p>Assessoria de Imprensa<br \/>\nTexto\/Foto: Divulga\u00e7\u00e3o<\/p>\n<\/div>\n","protected":false},"excerpt":{"rendered":"<p>COMUNICADO: A Prefeitura de Terenos, considerando as exig\u00eancias do Minist\u00e9rio da Sa\u00fade em rela\u00e7\u00e3o ao novo Coronav\u00edrus (COVID-19), torna p\u00fablico o Decreto N\u00ba 5310\/2020, de 18 de mar\u00e7o de 2020, que apresenta as medidas para enfrentamento da pandemia. Em rela\u00e7\u00e3o aos artigos do referido documento, destacam-se: Artigo 2\u00ba &#8211; Ficam suspensas as aulas presenciais nas [&hellip;]<\/p>\n","protected":false},"author":2,"featured_media":1622,"comment_status":"closed","ping_status":"closed","sticky":false,"template":"","format":"standard","meta":{"_et_pb_use_builder":"","_et_pb_old_content":"","_et_gb_content_width":"","footnotes":""},"categories":[1],"tags":[],"class_list":["post-1628","post","type-post","status-publish","format-standard","has-post-thumbnail","hentry","category-sem-categoria"],"_links":{"self":[{"href":"https:\/\/www.terenos.ms.gov.br\/index.php?rest_route=\/wp\/v2\/posts\/1628","targetHints":{"allow":["GET"]}}],"collection":[{"href":"https:\/\/www.terenos.ms.gov.br\/index.php?rest_route=\/wp\/v2\/posts"}],"about":[{"href":"https:\/\/www.terenos.ms.gov.br\/index.php?rest_route=\/wp\/v2\/types\/post"}],"author":[{"embeddable":true,"href":"https:\/\/www.terenos.ms.gov.br\/index.php?rest_route=\/wp\/v2\/users\/2"}],"replies":[{"embeddable":true,"href":"https:\/\/www.terenos.ms.gov.br\/index.php?rest_route=%2Fwp%2Fv2%2Fcomments&post=1628"}],"version-history":[{"count":1,"href":"https:\/\/www.terenos.ms.gov.br\/index.php?rest_route=\/wp\/v2\/posts\/1628\/revisions"}],"predecessor-version":[{"id":1629,"href":"https:\/\/www.terenos.ms.gov.br\/index.php?rest_route=\/wp\/v2\/posts\/1628\/revisions\/1629"}],"wp:featuredmedia":[{"embeddable":true,"href":"https:\/\/www.terenos.ms.gov.br\/index.php?rest_route=\/wp\/v2\/media\/1622"}],"wp:attachment":[{"href":"https:\/\/www.terenos.ms.gov.br\/index.php?rest_route=%2Fwp%2Fv2%2Fmedia&parent=1628"}],"wp:term":[{"taxonomy":"category","embeddable":true,"href":"https:\/\/www.terenos.ms.gov.br\/index.php?rest_route=%2Fwp%2Fv2%2Fcategories&post=1628"},{"taxonomy":"post_tag","embeddable":true,"href":"https:\/\/www.terenos.ms.gov.br\/index.php?rest_route=%2Fwp%2Fv2%2Ftags&post=1628"}],"curies":[{"name":"wp","href":"https:\/\/api.w.org\/{rel}","templated":true}]}}