{"id":1444,"date":"2019-12-20T08:35:53","date_gmt":"2019-12-20T11:35:53","guid":{"rendered":"http:\/\/www.terenos.ms.gov.br\/?p=1444"},"modified":"2019-12-20T08:35:53","modified_gmt":"2019-12-20T11:35:53","slug":"foi-realizada-a-entrega-de-presentes-natalinos-para-as-criancas-do-municipio","status":"publish","type":"post","link":"https:\/\/www.terenos.ms.gov.br\/?p=1444","title":{"rendered":"Foi realizada a entrega de presentes natalinos para as crian\u00e7as do munic\u00edpio"},"content":{"rendered":"<p>A Prefeitura de Terenos, por meio do Departamento de Assist\u00eancia Social, realizou a entrega de presentes natalinos para as crian\u00e7as e adolescentes do munic\u00edpio.<\/p>\n<p>O evento aconteceu no Parque Municipal Isaac Cardoso Filho onde, tamb\u00e9m, aconteceu um movimento vacinal promovido pelo Departamento de Sa\u00fade.<\/p>\n<p>Estiveram presentes o prefeito, Donizete Barraco (DEM), a primeira dama, Dirce Gon\u00e7alves, o chefe de gabinete, Nilson Peixoto, e o diretor do Departamento de Assist\u00eancia Social,<span class=\"text_exposed_show\"> Marcelo Marques Perez.<\/span><\/p>\n<div class=\"text_exposed_show\">\n<p>Participaram do evento o presidente da C\u00e2mara de Vereadores, Helder Noboru Kasae &#8211; Xir\u00fa (PSB), o vereador, Jos\u00e9 da Silva Cipriano &#8211; Z\u00e9 Para\u00edba (PRP), o diretor do Departamento de Desenvolvimento Econ\u00f4mico, Ewerton Fortuna, o diretor do Departamento de Rendas Municipais, Jo\u00e3o Augusto, o direto do Departamento de Educa\u00e7\u00e3o, Hermes da Silva, funcion\u00e1rios do CRAS, e demais autoridades.<\/p>\n<p>Assessoria de Imprensa<br \/>\nTexto\/Foto: Divulga\u00e7\u00e3o<\/p>\n<\/div>\n","protected":false},"excerpt":{"rendered":"<p>A Prefeitura de Terenos, por meio do Departamento de Assist\u00eancia Social, realizou a entrega de presentes natalinos para as crian\u00e7as e adolescentes do munic\u00edpio. O evento aconteceu no Parque Municipal Isaac Cardoso Filho onde, tamb\u00e9m, aconteceu um movimento vacinal promovido pelo Departamento de Sa\u00fade. Estiveram presentes o prefeito, Donizete Barraco (DEM), a primeira dama, Dirce [&hellip;]<\/p>\n","protected":false},"author":2,"featured_media":1445,"comment_status":"closed","ping_status":"closed","sticky":false,"template":"","format":"standard","meta":{"_et_pb_use_builder":"","_et_pb_old_content":"","_et_gb_content_width":"","footnotes":""},"categories":[1],"tags":[],"class_list":["post-1444","post","type-post","status-publish","format-standard","has-post-thumbnail","hentry","category-sem-categoria"],"_links":{"self":[{"href":"https:\/\/www.terenos.ms.gov.br\/index.php?rest_route=\/wp\/v2\/posts\/1444","targetHints":{"allow":["GET"]}}],"collection":[{"href":"https:\/\/www.terenos.ms.gov.br\/index.php?rest_route=\/wp\/v2\/posts"}],"about":[{"href":"https:\/\/www.terenos.ms.gov.br\/index.php?rest_route=\/wp\/v2\/types\/post"}],"author":[{"embeddable":true,"href":"https:\/\/www.terenos.ms.gov.br\/index.php?rest_route=\/wp\/v2\/users\/2"}],"replies":[{"embeddable":true,"href":"https:\/\/www.terenos.ms.gov.br\/index.php?rest_route=%2Fwp%2Fv2%2Fcomments&post=1444"}],"version-history":[{"count":1,"href":"https:\/\/www.terenos.ms.gov.br\/index.php?rest_route=\/wp\/v2\/posts\/1444\/revisions"}],"predecessor-version":[{"id":1446,"href":"https:\/\/www.terenos.ms.gov.br\/index.php?rest_route=\/wp\/v2\/posts\/1444\/revisions\/1446"}],"wp:featuredmedia":[{"embeddable":true,"href":"https:\/\/www.terenos.ms.gov.br\/index.php?rest_route=\/wp\/v2\/media\/1445"}],"wp:attachment":[{"href":"https:\/\/www.terenos.ms.gov.br\/index.php?rest_route=%2Fwp%2Fv2%2Fmedia&parent=1444"}],"wp:term":[{"taxonomy":"category","embeddable":true,"href":"https:\/\/www.terenos.ms.gov.br\/index.php?rest_route=%2Fwp%2Fv2%2Fcategories&post=1444"},{"taxonomy":"post_tag","embeddable":true,"href":"https:\/\/www.terenos.ms.gov.br\/index.php?rest_route=%2Fwp%2Fv2%2Ftags&post=1444"}],"curies":[{"name":"wp","href":"https:\/\/api.w.org\/{rel}","templated":true}]}}