{"id":1369,"date":"2019-11-28T08:34:43","date_gmt":"2019-11-28T11:34:43","guid":{"rendered":"http:\/\/www.terenos.ms.gov.br\/?p=1369"},"modified":"2019-11-28T08:34:43","modified_gmt":"2019-11-28T11:34:43","slug":"comunicado-sanesul","status":"publish","type":"post","link":"https:\/\/www.terenos.ms.gov.br\/?p=1369","title":{"rendered":"Comunicado Sanesul"},"content":{"rendered":"<p>A Prefeitura de Terenos, a pedido da Sanesul, informa que haver\u00e1 falta d&#8217;\u00e1gua, das 16h at\u00e9 \u00e0s 19h, nos seguintes bairros de Terenos:<\/p>\n<p>Vila Ferreira<br \/>\nVila Leandro Corr\u00eaa<br \/>\nLoteamento Vivare<span class=\"text_exposed_show\"><br \/>\nConjunto Hab. Armando L\u00facio Nantes<br \/>\nConjunto Hab. Eduardo Perez<br \/>\nConjunto Hab. Heitor Rodrigues<\/span><\/p>\n<div class=\"text_exposed_show\">\n<p>Motivo: conserto de rede 50mm.<\/p>\n<p>Assessoria de Imprensa<br \/>\nTexto\/Foto: Sanesul<\/p>\n<\/div>\n","protected":false},"excerpt":{"rendered":"<p>A Prefeitura de Terenos, a pedido da Sanesul, informa que haver\u00e1 falta d&#8217;\u00e1gua, das 16h at\u00e9 \u00e0s 19h, nos seguintes bairros de Terenos: Vila Ferreira Vila Leandro Corr\u00eaa Loteamento Vivare Conjunto Hab. Armando L\u00facio Nantes Conjunto Hab. Eduardo Perez Conjunto Hab. Heitor Rodrigues Motivo: conserto de rede 50mm. Assessoria de Imprensa Texto\/Foto: Sanesul<\/p>\n","protected":false},"author":2,"featured_media":1370,"comment_status":"closed","ping_status":"closed","sticky":false,"template":"","format":"standard","meta":{"_et_pb_use_builder":"","_et_pb_old_content":"","_et_gb_content_width":"","footnotes":""},"categories":[1],"tags":[],"class_list":["post-1369","post","type-post","status-publish","format-standard","has-post-thumbnail","hentry","category-sem-categoria"],"_links":{"self":[{"href":"https:\/\/www.terenos.ms.gov.br\/index.php?rest_route=\/wp\/v2\/posts\/1369","targetHints":{"allow":["GET"]}}],"collection":[{"href":"https:\/\/www.terenos.ms.gov.br\/index.php?rest_route=\/wp\/v2\/posts"}],"about":[{"href":"https:\/\/www.terenos.ms.gov.br\/index.php?rest_route=\/wp\/v2\/types\/post"}],"author":[{"embeddable":true,"href":"https:\/\/www.terenos.ms.gov.br\/index.php?rest_route=\/wp\/v2\/users\/2"}],"replies":[{"embeddable":true,"href":"https:\/\/www.terenos.ms.gov.br\/index.php?rest_route=%2Fwp%2Fv2%2Fcomments&post=1369"}],"version-history":[{"count":1,"href":"https:\/\/www.terenos.ms.gov.br\/index.php?rest_route=\/wp\/v2\/posts\/1369\/revisions"}],"predecessor-version":[{"id":1371,"href":"https:\/\/www.terenos.ms.gov.br\/index.php?rest_route=\/wp\/v2\/posts\/1369\/revisions\/1371"}],"wp:featuredmedia":[{"embeddable":true,"href":"https:\/\/www.terenos.ms.gov.br\/index.php?rest_route=\/wp\/v2\/media\/1370"}],"wp:attachment":[{"href":"https:\/\/www.terenos.ms.gov.br\/index.php?rest_route=%2Fwp%2Fv2%2Fmedia&parent=1369"}],"wp:term":[{"taxonomy":"category","embeddable":true,"href":"https:\/\/www.terenos.ms.gov.br\/index.php?rest_route=%2Fwp%2Fv2%2Fcategories&post=1369"},{"taxonomy":"post_tag","embeddable":true,"href":"https:\/\/www.terenos.ms.gov.br\/index.php?rest_route=%2Fwp%2Fv2%2Ftags&post=1369"}],"curies":[{"name":"wp","href":"https:\/\/api.w.org\/{rel}","templated":true}]}}