{"id":1356,"date":"2019-11-25T09:08:29","date_gmt":"2019-11-25T12:08:29","guid":{"rendered":"http:\/\/www.terenos.ms.gov.br\/?p=1356"},"modified":"2019-11-28T08:36:31","modified_gmt":"2019-11-28T11:36:31","slug":"confraternizacao-do-departamento-de-transito","status":"publish","type":"post","link":"https:\/\/www.terenos.ms.gov.br\/?p=1356","title":{"rendered":"Confraterniza\u00e7\u00e3o do Departamento de Tr\u00e2nsito"},"content":{"rendered":"<p>Nesta sexta-feira (22), o Departamento de Tr\u00e2nsito realizou uma confraterniza\u00e7\u00e3o das escolas municipais que participaram, em 2019, das a\u00e7\u00f5es do referido setor.<\/p>\n<p>O evento foi organizado com intuito de conscientizar as crian\u00e7as e os jovens sobre a import\u00e2ncia do cumprimento das leis de tr\u00e2nsito. Al\u00e9m das atividades recreativas, a anima\u00e7\u00e3o ficou por conta da dupla J\u00fanior Barreto &amp; Coimbra.<\/p>\n<p>Estiveram presentes o prefeito, Donizete Barraco (DEM), o vereador, Assis Alves de Almeida <span class=\"text_exposed_show\">&#8211; Saci (PSDB), o secret\u00e1rio geral, Haslan Pisciotano, o chefe de gabinete, Nilson Peixoto, o diretor do Departamento de Tr\u00e2nsito, Neylor Thomaz, o diretor do Departamento de Educa\u00e7\u00e3o, Hermes da Silva, o diretor do Departamento de Desenvolvimento Econ\u00f4mico, Ewerton Fortuna, o subprefeito, Warley Rodrigues, a diretora do Departamento de Sa\u00fade, Luciene Ferreira, al\u00e9m de outras autoridades.<\/span><\/p>\n<div class=\"text_exposed_show\">\n<p>Assessoria de Imprensa<br \/>\nTexto\/Foto: Divulga\u00e7\u00e3o<\/p>\n<\/div>\n<p>&nbsp;<\/p>\n","protected":false},"excerpt":{"rendered":"<p>Nesta sexta-feira (22), o Departamento de Tr\u00e2nsito realizou uma confraterniza\u00e7\u00e3o das escolas municipais que participaram, em 2019, das a\u00e7\u00f5es do referido setor. O evento foi organizado com intuito de conscientizar as crian\u00e7as e os jovens sobre a import\u00e2ncia do cumprimento das leis de tr\u00e2nsito. Al\u00e9m das atividades recreativas, a anima\u00e7\u00e3o ficou por conta da dupla [&hellip;]<\/p>\n","protected":false},"author":2,"featured_media":1357,"comment_status":"closed","ping_status":"closed","sticky":false,"template":"","format":"standard","meta":{"_et_pb_use_builder":"","_et_pb_old_content":"","_et_gb_content_width":"","footnotes":""},"categories":[1],"tags":[],"class_list":["post-1356","post","type-post","status-publish","format-standard","has-post-thumbnail","hentry","category-sem-categoria"],"_links":{"self":[{"href":"https:\/\/www.terenos.ms.gov.br\/index.php?rest_route=\/wp\/v2\/posts\/1356","targetHints":{"allow":["GET"]}}],"collection":[{"href":"https:\/\/www.terenos.ms.gov.br\/index.php?rest_route=\/wp\/v2\/posts"}],"about":[{"href":"https:\/\/www.terenos.ms.gov.br\/index.php?rest_route=\/wp\/v2\/types\/post"}],"author":[{"embeddable":true,"href":"https:\/\/www.terenos.ms.gov.br\/index.php?rest_route=\/wp\/v2\/users\/2"}],"replies":[{"embeddable":true,"href":"https:\/\/www.terenos.ms.gov.br\/index.php?rest_route=%2Fwp%2Fv2%2Fcomments&post=1356"}],"version-history":[{"count":2,"href":"https:\/\/www.terenos.ms.gov.br\/index.php?rest_route=\/wp\/v2\/posts\/1356\/revisions"}],"predecessor-version":[{"id":1372,"href":"https:\/\/www.terenos.ms.gov.br\/index.php?rest_route=\/wp\/v2\/posts\/1356\/revisions\/1372"}],"wp:featuredmedia":[{"embeddable":true,"href":"https:\/\/www.terenos.ms.gov.br\/index.php?rest_route=\/wp\/v2\/media\/1357"}],"wp:attachment":[{"href":"https:\/\/www.terenos.ms.gov.br\/index.php?rest_route=%2Fwp%2Fv2%2Fmedia&parent=1356"}],"wp:term":[{"taxonomy":"category","embeddable":true,"href":"https:\/\/www.terenos.ms.gov.br\/index.php?rest_route=%2Fwp%2Fv2%2Fcategories&post=1356"},{"taxonomy":"post_tag","embeddable":true,"href":"https:\/\/www.terenos.ms.gov.br\/index.php?rest_route=%2Fwp%2Fv2%2Ftags&post=1356"}],"curies":[{"name":"wp","href":"https:\/\/api.w.org\/{rel}","templated":true}]}}