{"id":1352,"date":"2019-11-21T08:25:06","date_gmt":"2019-11-21T11:25:06","guid":{"rendered":"http:\/\/www.terenos.ms.gov.br\/?p=1352"},"modified":"2019-11-21T08:25:06","modified_gmt":"2019-11-21T11:25:06","slug":"vii-seminario-municipal-da-educacao-do-campo-de-terenos","status":"publish","type":"post","link":"https:\/\/www.terenos.ms.gov.br\/?p=1352","title":{"rendered":"VII Semin\u00e1rio Municipal da Educa\u00e7\u00e3o do Campo de Terenos"},"content":{"rendered":"<p>No dia 14 de novembro de 2019 a Prefeitura de Terenos, por meio do Departamento de Educa\u00e7\u00e3o, realizou o VII Semin\u00e1rio Municipal da Educa\u00e7\u00e3o do Campo de Terenos. A a\u00e7\u00e3o foi desenvolvida pela coordena\u00e7\u00e3o do Projeto de Educa\u00e7\u00e3o do Campo, em parceria com a Universidade Federal de Mato Grosso do Sul (UFMS).<\/p>\n<p>O evento reuniu as as escolas Jamic Polo, Vilma Barreto, Isabel de Campos, Ant\u00f4nio Sandim, Campo Verde, Salustiano da Motta e Ant\u00f4nio Valadares (extens\u00e3o Patag\u00f4nia) para aprese<span class=\"text_exposed_show\">ntar o balancete das atividades desenvolvidas durante o ano de 2019.<\/span><\/p>\n<div class=\"text_exposed_show\">\n<p>Participaram do evento o prefeito, Donizete Barraco (DEM), o diretor do Departamento de Educa\u00e7\u00e3o, Hermes da Silva, o diretor do Departamento de Desenvolvimento Econ\u00f4mico, Ewerton Fortuna, e demais autoridades locais.<\/p>\n<p>Assessoria de Imprensa<br \/>\nTexto\/Foto: Divulga\u00e7\u00e3o<\/p>\n<\/div>\n","protected":false},"excerpt":{"rendered":"<p>No dia 14 de novembro de 2019 a Prefeitura de Terenos, por meio do Departamento de Educa\u00e7\u00e3o, realizou o VII Semin\u00e1rio Municipal da Educa\u00e7\u00e3o do Campo de Terenos. A a\u00e7\u00e3o foi desenvolvida pela coordena\u00e7\u00e3o do Projeto de Educa\u00e7\u00e3o do Campo, em parceria com a Universidade Federal de Mato Grosso do Sul (UFMS). O evento reuniu [&hellip;]<\/p>\n","protected":false},"author":2,"featured_media":1353,"comment_status":"closed","ping_status":"closed","sticky":false,"template":"","format":"standard","meta":{"_et_pb_use_builder":"","_et_pb_old_content":"","_et_gb_content_width":"","footnotes":""},"categories":[1],"tags":[],"class_list":["post-1352","post","type-post","status-publish","format-standard","has-post-thumbnail","hentry","category-sem-categoria"],"_links":{"self":[{"href":"https:\/\/www.terenos.ms.gov.br\/index.php?rest_route=\/wp\/v2\/posts\/1352","targetHints":{"allow":["GET"]}}],"collection":[{"href":"https:\/\/www.terenos.ms.gov.br\/index.php?rest_route=\/wp\/v2\/posts"}],"about":[{"href":"https:\/\/www.terenos.ms.gov.br\/index.php?rest_route=\/wp\/v2\/types\/post"}],"author":[{"embeddable":true,"href":"https:\/\/www.terenos.ms.gov.br\/index.php?rest_route=\/wp\/v2\/users\/2"}],"replies":[{"embeddable":true,"href":"https:\/\/www.terenos.ms.gov.br\/index.php?rest_route=%2Fwp%2Fv2%2Fcomments&post=1352"}],"version-history":[{"count":1,"href":"https:\/\/www.terenos.ms.gov.br\/index.php?rest_route=\/wp\/v2\/posts\/1352\/revisions"}],"predecessor-version":[{"id":1354,"href":"https:\/\/www.terenos.ms.gov.br\/index.php?rest_route=\/wp\/v2\/posts\/1352\/revisions\/1354"}],"wp:featuredmedia":[{"embeddable":true,"href":"https:\/\/www.terenos.ms.gov.br\/index.php?rest_route=\/wp\/v2\/media\/1353"}],"wp:attachment":[{"href":"https:\/\/www.terenos.ms.gov.br\/index.php?rest_route=%2Fwp%2Fv2%2Fmedia&parent=1352"}],"wp:term":[{"taxonomy":"category","embeddable":true,"href":"https:\/\/www.terenos.ms.gov.br\/index.php?rest_route=%2Fwp%2Fv2%2Fcategories&post=1352"},{"taxonomy":"post_tag","embeddable":true,"href":"https:\/\/www.terenos.ms.gov.br\/index.php?rest_route=%2Fwp%2Fv2%2Ftags&post=1352"}],"curies":[{"name":"wp","href":"https:\/\/api.w.org\/{rel}","templated":true}]}}